{"id":1037,"date":"2019-09-04T13:58:46","date_gmt":"2019-09-04T11:58:46","guid":{"rendered":"http:\/\/www.svensktviltkottef.se\/?p=1037"},"modified":"2019-09-04T13:59:42","modified_gmt":"2019-09-04T11:59:42","slug":"viltkott-at-alla","status":"publish","type":"post","link":"https:\/\/www.svensktviltkottef.se\/?p=1037","title":{"rendered":"Viltk\u00f6tt \u00e5t alla!"},"content":{"rendered":"<p>Det \u00e4r med stor gl\u00e4dje vi konstaterar att allt fler offentliga k\u00f6k nu v\u00e4ljer viltk\u00f6tt p\u00e5 sina menyer! Det visar sig inte minst hos oss p\u00e5 Svenskt viltk\u00f6tt d\u00e4r v\u00e5ra anl\u00e4ggningar levererar allt mer till dessa k\u00f6k, och v\u00e5ra utbildningar efterfr\u00e5gas av bland annat skolm\u00e5ltidspersonal som vill l\u00e4ra sig laga vilt!<br \/>\nNedan \u00e4r ett exempel p\u00e5 den positiva spridningen!<br \/>\n<a href=\"https:\/\/svenskjakt.se\/start\/nyhet\/vildsvin-blir-basmat-for-aldre\/?fbclid=IwAR2SeAAWmBFmWb5tLi2PQUB0M1T-4KvexIBmfyIr501UrFdE_6FIETYShqA\">https:\/\/svenskjakt.se\/start\/nyhet\/vildsvin-blir-basmat-for-aldre\/?fbclid=IwAR2SeAAWmBFmWb5tLi2PQUB0M1T-4KvexIBmfyIr501UrFdE_6FIETYShqA<\/a><a href=\"http:\/\/www.svensktviltkottef.se\/wp-content\/uploads\/2019\/03\/Omslag-Fr\u00e5n-Skog-till-krog1.png\"><img loading=\"lazy\" decoding=\"async\" class=\"alignleft size-medium wp-image-940\" src=\"http:\/\/www.svensktviltkottef.se\/wp-content\/uploads\/2019\/03\/Omslag-Fr\u00e5n-Skog-till-krog1-300x300.png\" alt=\"\" width=\"300\" height=\"300\" srcset=\"https:\/\/www.svensktviltkottef.se\/wp-content\/uploads\/2019\/03\/Omslag-Fr\u00e5n-Skog-till-krog1-300x300.png 300w, https:\/\/www.svensktviltkottef.se\/wp-content\/uploads\/2019\/03\/Omslag-Fr\u00e5n-Skog-till-krog1-150x150.png 150w, https:\/\/www.svensktviltkottef.se\/wp-content\/uploads\/2019\/03\/Omslag-Fr\u00e5n-Skog-till-krog1-768x768.png 768w, https:\/\/www.svensktviltkottef.se\/wp-content\/uploads\/2019\/03\/Omslag-Fr\u00e5n-Skog-till-krog1-1024x1024.png 1024w, https:\/\/www.svensktviltkottef.se\/wp-content\/uploads\/2019\/03\/Omslag-Fr\u00e5n-Skog-till-krog1-945x945.png 945w, https:\/\/www.svensktviltkottef.se\/wp-content\/uploads\/2019\/03\/Omslag-Fr\u00e5n-Skog-till-krog1-600x600.png 600w, https:\/\/www.svensktviltkottef.se\/wp-content\/uploads\/2019\/03\/Omslag-Fr\u00e5n-Skog-till-krog1.png 1240w\" sizes=\"(max-width: 300px) 100vw, 300px\" \/><\/a><\/p>\n","protected":false},"excerpt":{"rendered":"<p>Det \u00e4r med stor gl\u00e4dje vi konstaterar att allt fler offentliga k\u00f6k nu v\u00e4ljer viltk\u00f6tt p\u00e5 sina menyer! Det visar sig inte minst hos oss p\u00e5 Svenskt viltk\u00f6tt d\u00e4r v\u00e5ra anl\u00e4ggningar levererar allt mer till dessa k\u00f6k, och v\u00e5ra utbildningar&#8230; <a class=\"more-link\" href=\"https:\/\/www.svensktviltkottef.se\/?p=1037\">Forts\u00e4tt l\u00e4sa &rarr;<\/a><\/p>\n","protected":false},"author":1,"featured_media":0,"comment_status":"closed","ping_status":"closed","sticky":false,"template":"","format":"standard","meta":{"pgc_meta":"","footnotes":""},"categories":[1],"tags":[],"aioseo_notices":[],"_links":{"self":[{"href":"https:\/\/www.svensktviltkottef.se\/index.php?rest_route=\/wp\/v2\/posts\/1037"}],"collection":[{"href":"https:\/\/www.svensktviltkottef.se\/index.php?rest_route=\/wp\/v2\/posts"}],"about":[{"href":"https:\/\/www.svensktviltkottef.se\/index.php?rest_route=\/wp\/v2\/types\/post"}],"author":[{"embeddable":true,"href":"https:\/\/www.svensktviltkottef.se\/index.php?rest_route=\/wp\/v2\/users\/1"}],"replies":[{"embeddable":true,"href":"https:\/\/www.svensktviltkottef.se\/index.php?rest_route=%2Fwp%2Fv2%2Fcomments&post=1037"}],"version-history":[{"count":2,"href":"https:\/\/www.svensktviltkottef.se\/index.php?rest_route=\/wp\/v2\/posts\/1037\/revisions"}],"predecessor-version":[{"id":1039,"href":"https:\/\/www.svensktviltkottef.se\/index.php?rest_route=\/wp\/v2\/posts\/1037\/revisions\/1039"}],"wp:attachment":[{"href":"https:\/\/www.svensktviltkottef.se\/index.php?rest_route=%2Fwp%2Fv2%2Fmedia&parent=1037"}],"wp:term":[{"taxonomy":"category","embeddable":true,"href":"https:\/\/www.svensktviltkottef.se\/index.php?rest_route=%2Fwp%2Fv2%2Fcategories&post=1037"},{"taxonomy":"post_tag","embeddable":true,"href":"https:\/\/www.svensktviltkottef.se\/index.php?rest_route=%2Fwp%2Fv2%2Ftags&post=1037"}],"curies":[{"name":"wp","href":"https:\/\/api.w.org\/{rel}","templated":true}]}}