{"id":1088,"date":"2026-05-01T18:14:52","date_gmt":"2026-05-01T16:14:52","guid":{"rendered":"https:\/\/www.svensktviltkottef.se\/?p=1088"},"modified":"2026-05-01T18:14:52","modified_gmt":"2026-05-01T16:14:52","slug":"arsmote-2","status":"publish","type":"post","link":"https:\/\/www.svensktviltkottef.se\/?p=1088","title":{"rendered":"\u00c5rsm\u00f6te!"},"content":{"rendered":"<p>Torsdagen den 7 maj klockan 10.00 \u00e4r det dags f\u00f6r ordinarie \u00c5rsm\u00f6te i Svenskt Viltk\u00f6tt,<a href=\"https:\/\/www.svensktviltkottef.se\/wp-content\/uploads\/2018\/04\/Ra\u030abockweb.jpg\"><img loading=\"lazy\" decoding=\"async\" class=\"alignleft size-medium wp-image-239\" src=\"https:\/\/www.svensktviltkottef.se\/wp-content\/uploads\/2018\/04\/Ra\u030abockweb-200x300.jpg\" alt=\"\" width=\"200\" height=\"300\" srcset=\"https:\/\/www.svensktviltkottef.se\/wp-content\/uploads\/2018\/04\/Ra\u030abockweb-200x300.jpg 200w, https:\/\/www.svensktviltkottef.se\/wp-content\/uploads\/2018\/04\/Ra\u030abockweb-768x1150.jpg 768w, https:\/\/www.svensktviltkottef.se\/wp-content\/uploads\/2018\/04\/Ra\u030abockweb-684x1024.jpg 684w, https:\/\/www.svensktviltkottef.se\/wp-content\/uploads\/2018\/04\/Ra\u030abockweb-100x150.jpg 100w, https:\/\/www.svensktviltkottef.se\/wp-content\/uploads\/2018\/04\/Ra\u030abockweb-150x225.jpg 150w, https:\/\/www.svensktviltkottef.se\/wp-content\/uploads\/2018\/04\/Ra\u030abockweb-300x449.jpg 300w, https:\/\/www.svensktviltkottef.se\/wp-content\/uploads\/2018\/04\/Ra\u030abockweb-450x674.jpg 450w, https:\/\/www.svensktviltkottef.se\/wp-content\/uploads\/2018\/04\/Ra\u030abockweb-600x899.jpg 600w, https:\/\/www.svensktviltkottef.se\/wp-content\/uploads\/2018\/04\/Ra\u030abockweb-900x1348.jpg 900w, https:\/\/www.svensktviltkottef.se\/wp-content\/uploads\/2018\/04\/Ra\u030abockweb.jpg 1000w\" sizes=\"(max-width: 200px) 100vw, 200px\" \/><\/a> p\u00e5 Sk\u00e5nska Vilt i Sjunkar\u00f6d.<br \/>\nEfter m\u00f6tet finns rika m\u00f6jligheter att diskutera \u00f6nskem\u00e5l, tankar och ideer kring VHA-anl\u00e4ggingarnas fr\u00e5gest\u00e4llningar !<br \/>\nAnm\u00e4lan om deltagande till svensktviltkott@gmail.com, senast den 5\/5.<\/p>\n","protected":false},"excerpt":{"rendered":"<p>Torsdagen den 7 maj klockan 10.00 \u00e4r det dags f\u00f6r ordinarie \u00c5rsm\u00f6te i Svenskt Viltk\u00f6tt, p\u00e5 Sk\u00e5nska Vilt i Sjunkar\u00f6d. Efter m\u00f6tet finns rika m\u00f6jligheter att diskutera \u00f6nskem\u00e5l, tankar och ideer kring VHA-anl\u00e4ggingarnas fr\u00e5gest\u00e4llningar ! Anm\u00e4lan om deltagande till svensktviltkott@gmail.com,&#8230; <a class=\"more-link\" href=\"https:\/\/www.svensktviltkottef.se\/?p=1088\">Forts\u00e4tt l\u00e4sa &rarr;<\/a><\/p>\n","protected":false},"author":1,"featured_media":0,"comment_status":"closed","ping_status":"closed","sticky":false,"template":"","format":"standard","meta":{"pgc_meta":"","footnotes":""},"categories":[1],"tags":[],"aioseo_notices":[],"_links":{"self":[{"href":"https:\/\/www.svensktviltkottef.se\/index.php?rest_route=\/wp\/v2\/posts\/1088"}],"collection":[{"href":"https:\/\/www.svensktviltkottef.se\/index.php?rest_route=\/wp\/v2\/posts"}],"about":[{"href":"https:\/\/www.svensktviltkottef.se\/index.php?rest_route=\/wp\/v2\/types\/post"}],"author":[{"embeddable":true,"href":"https:\/\/www.svensktviltkottef.se\/index.php?rest_route=\/wp\/v2\/users\/1"}],"replies":[{"embeddable":true,"href":"https:\/\/www.svensktviltkottef.se\/index.php?rest_route=%2Fwp%2Fv2%2Fcomments&post=1088"}],"version-history":[{"count":1,"href":"https:\/\/www.svensktviltkottef.se\/index.php?rest_route=\/wp\/v2\/posts\/1088\/revisions"}],"predecessor-version":[{"id":1089,"href":"https:\/\/www.svensktviltkottef.se\/index.php?rest_route=\/wp\/v2\/posts\/1088\/revisions\/1089"}],"wp:attachment":[{"href":"https:\/\/www.svensktviltkottef.se\/index.php?rest_route=%2Fwp%2Fv2%2Fmedia&parent=1088"}],"wp:term":[{"taxonomy":"category","embeddable":true,"href":"https:\/\/www.svensktviltkottef.se\/index.php?rest_route=%2Fwp%2Fv2%2Fcategories&post=1088"},{"taxonomy":"post_tag","embeddable":true,"href":"https:\/\/www.svensktviltkottef.se\/index.php?rest_route=%2Fwp%2Fv2%2Ftags&post=1088"}],"curies":[{"name":"wp","href":"https:\/\/api.w.org\/{rel}","templated":true}]}}